{"id":2265,"date":"2019-11-12T10:41:26","date_gmt":"2019-11-12T09:41:26","guid":{"rendered":"http:\/\/liceum-parczew.pl\/?p=2265"},"modified":"2019-11-12T10:47:34","modified_gmt":"2019-11-12T09:47:34","slug":"ksiazka-z-plecaka","status":"publish","type":"post","link":"http:\/\/liceum-parczew.pl\/index.php\/2019\/11\/12\/ksiazka-z-plecaka\/","title":{"rendered":"\u201eKsi\u0105\u017cka z plecaka\u201d"},"content":{"rendered":"<p style=\"text-align: center;\"><img loading=\"lazy\" decoding=\"async\" class=\"alignnone wp-image-2277 size-full\" src=\"http:\/\/liceum-parczew.pl\/wp-content\/uploads\/2019\/11\/297236_XK22_Giemzowie20015_83.jpg\" alt=\"\" width=\"800\" height=\"419\" srcset=\"http:\/\/liceum-parczew.pl\/wp-content\/uploads\/2019\/11\/297236_XK22_Giemzowie20015_83.jpg 800w, http:\/\/liceum-parczew.pl\/wp-content\/uploads\/2019\/11\/297236_XK22_Giemzowie20015_83-300x157.jpg 300w, http:\/\/liceum-parczew.pl\/wp-content\/uploads\/2019\/11\/297236_XK22_Giemzowie20015_83-768x402.jpg 768w, http:\/\/liceum-parczew.pl\/wp-content\/uploads\/2019\/11\/297236_XK22_Giemzowie20015_83-390x205.jpg 390w\" sizes=\"auto, (max-width: 800px) 100vw, 800px\" \/><\/p>\n<p>W minion\u0105 sobot\u0119 uczniowie z klas humanistycznych wzi\u0119li udzia\u0142\u00a0 w <strong>VI Warsztatach \u201eKsi\u0105\u017cka z plecaka\u201d<\/strong> na <strong>Katolickim Uniwersytecie Lubelskim.<\/strong> Autorski projekt profesora Lecha Giemzy oparty jest na idei partnerstwa i wsp\u00f3\u0142pracy uniwersytetu ze szko\u0142ami. Przedstawiciele naszej szko\u0142y uczestnicz\u0105 w projekcie niemal od pocz\u0105tku jego istnienia.<\/p>\n<p><strong>Warsztaty obejmowa\u0142y trzy spotkania:<\/strong><\/p>\n<ol>\n<li>dr Rafa\u0142 Pastwa: <strong><em>FOMO (Fear of missing out) w zmediatyzowanym \u015bwiecie.<\/em><\/strong><\/li>\n<li>dr hab. Zdzis\u0142aw Kudelski: <strong><em>Gustaw Herling-Grudzi\u0144ski \u2013 nie tylko \u201cInny \u015bwiat\u201d.<\/em><\/strong><\/li>\n<li>prof. Lech Giemza: <strong><em>Kocham Ci\u0119 jak Holandi\u0119. Holandia w esejach Zbigniewa Herberta.<\/em><\/strong><\/li>\n<\/ol>\n<p>Jeste\u015bmy bardzo zadowoleni z niezwykle warto\u015bciowych warsztat\u00f3w i z niecierpliwo\u015bci\u0105 czekamy na kolejne. Wielkie podzi\u0119kowania kierujemy w stron\u0119 wszystkich prowadz\u0105cych. Szczeg\u00f3lnie jednak dzi\u0119kujemy nieocenionemu<br \/>\nprof. Lechowi Giemzie.<\/p>\n<p>Nale\u017cy nadmieni\u0107, i\u017c w 5 minut po pierwszym wyk\u0142adzie ukaza\u0142 si\u0119 w lubelskim \u201eGo\u015bciu niedzielnym\u201d artyku\u0142 ks. Rafa\u0142a Pastwy dotycz\u0105cy owych warsztat\u00f3w. Zach\u0119camy do lektury: <a href=\"https:\/\/lublin.gosc.pl\/doc\/5970081.Co-robi-mlodziez-w-sobote-na-uniwersytecie-Uczestniczy-w\">https:\/\/lublin.gosc.pl\/doc\/5970081.Co-robi-mlodziez-w-sobote-na-uniwersytecie-Uczestniczy-w<\/a><\/p>\n","protected":false},"excerpt":{"rendered":"<p>W minion\u0105 sobot\u0119 uczniowie z klas humanistycznych wzi\u0119li udzia\u0142\u00a0 w VI Warsztatach \u201eKsi\u0105\u017cka z plecaka\u201d na Katolickim Uniwersytecie Lubelskim. Autorski<\/p>\n","protected":false},"author":1,"featured_media":2276,"comment_status":"closed","ping_status":"closed","sticky":false,"template":"","format":"standard","meta":{"colormag_page_container_layout":"default_layout","colormag_page_sidebar_layout":"default_layout","footnotes":""},"categories":[3],"tags":[],"class_list":["post-2265","post","type-post","status-publish","format-standard","has-post-thumbnail","hentry","category-aktualnosci"],"_links":{"self":[{"href":"http:\/\/liceum-parczew.pl\/index.php\/wp-json\/wp\/v2\/posts\/2265","targetHints":{"allow":["GET"]}}],"collection":[{"href":"http:\/\/liceum-parczew.pl\/index.php\/wp-json\/wp\/v2\/posts"}],"about":[{"href":"http:\/\/liceum-parczew.pl\/index.php\/wp-json\/wp\/v2\/types\/post"}],"author":[{"embeddable":true,"href":"http:\/\/liceum-parczew.pl\/index.php\/wp-json\/wp\/v2\/users\/1"}],"replies":[{"embeddable":true,"href":"http:\/\/liceum-parczew.pl\/index.php\/wp-json\/wp\/v2\/comments?post=2265"}],"version-history":[{"count":3,"href":"http:\/\/liceum-parczew.pl\/index.php\/wp-json\/wp\/v2\/posts\/2265\/revisions"}],"predecessor-version":[{"id":2279,"href":"http:\/\/liceum-parczew.pl\/index.php\/wp-json\/wp\/v2\/posts\/2265\/revisions\/2279"}],"wp:featuredmedia":[{"embeddable":true,"href":"http:\/\/liceum-parczew.pl\/index.php\/wp-json\/wp\/v2\/media\/2276"}],"wp:attachment":[{"href":"http:\/\/liceum-parczew.pl\/index.php\/wp-json\/wp\/v2\/media?parent=2265"}],"wp:term":[{"taxonomy":"category","embeddable":true,"href":"http:\/\/liceum-parczew.pl\/index.php\/wp-json\/wp\/v2\/categories?post=2265"},{"taxonomy":"post_tag","embeddable":true,"href":"http:\/\/liceum-parczew.pl\/index.php\/wp-json\/wp\/v2\/tags?post=2265"}],"curies":[{"name":"wp","href":"https:\/\/api.w.org\/{rel}","templated":true}]}}