{"id":2086,"date":"2019-10-16T15:23:55","date_gmt":"2019-10-16T13:23:55","guid":{"rendered":"http:\/\/liceum-parczew.pl\/?p=2086"},"modified":"2019-10-16T15:23:55","modified_gmt":"2019-10-16T13:23:55","slug":"zaproszenie-burmistrza-parczewa","status":"publish","type":"post","link":"http:\/\/liceum-parczew.pl\/index.php\/2019\/10\/16\/zaproszenie-burmistrza-parczewa\/","title":{"rendered":"Zaproszenie Burmistrza Parczewa"},"content":{"rendered":"<p>Zesp\u00f3\u0142 Interdyscyplinarny w porozumieniu z Burmistrzem Parczewa organizuje konferencj\u0119 o charakterze profilaktyczno \u2013 edukacyjnym w zakresie przeciwdzia\u0142ania przemocy w rodzinie skierowan\u0105 do mieszka\u0144c\u00f3w Gminy Parczew, a w szczeg\u00f3lno\u015bci do os\u00f3b b\u0119d\u0105cych \u015bwiadkami przemocy w rodzinie. W zwi\u0105zku z powy\u017cszym serdecznie zaprasza wszystkich mieszka\u0144c\u00f3w Gminy Parczew do udzia\u0142u w w\/w konferencji.<\/p>\n<p><img loading=\"lazy\" decoding=\"async\" class=\"alignnone wp-image-2087 size-large\" src=\"http:\/\/liceum-parczew.pl\/wp-content\/uploads\/2019\/10\/OTWIERAM-OCZY-NA-PRZEMOC-717x1024.jpg\" alt=\"\" width=\"717\" height=\"1024\" srcset=\"http:\/\/liceum-parczew.pl\/wp-content\/uploads\/2019\/10\/OTWIERAM-OCZY-NA-PRZEMOC-717x1024.jpg 717w, http:\/\/liceum-parczew.pl\/wp-content\/uploads\/2019\/10\/OTWIERAM-OCZY-NA-PRZEMOC-210x300.jpg 210w, http:\/\/liceum-parczew.pl\/wp-content\/uploads\/2019\/10\/OTWIERAM-OCZY-NA-PRZEMOC-768x1097.jpg 768w, http:\/\/liceum-parczew.pl\/wp-content\/uploads\/2019\/10\/OTWIERAM-OCZY-NA-PRZEMOC.jpg 1736w\" sizes=\"auto, (max-width: 717px) 100vw, 717px\" \/><\/p>\n","protected":false},"excerpt":{"rendered":"<p>Zesp\u00f3\u0142 Interdyscyplinarny w porozumieniu z Burmistrzem Parczewa organizuje konferencj\u0119 o charakterze profilaktyczno \u2013 edukacyjnym w zakresie przeciwdzia\u0142ania przemocy w rodzinie<\/p>\n","protected":false},"author":1,"featured_media":2087,"comment_status":"closed","ping_status":"closed","sticky":false,"template":"","format":"standard","meta":{"colormag_page_container_layout":"default_layout","colormag_page_sidebar_layout":"default_layout","footnotes":""},"categories":[3],"tags":[],"class_list":["post-2086","post","type-post","status-publish","format-standard","has-post-thumbnail","hentry","category-aktualnosci"],"_links":{"self":[{"href":"http:\/\/liceum-parczew.pl\/index.php\/wp-json\/wp\/v2\/posts\/2086","targetHints":{"allow":["GET"]}}],"collection":[{"href":"http:\/\/liceum-parczew.pl\/index.php\/wp-json\/wp\/v2\/posts"}],"about":[{"href":"http:\/\/liceum-parczew.pl\/index.php\/wp-json\/wp\/v2\/types\/post"}],"author":[{"embeddable":true,"href":"http:\/\/liceum-parczew.pl\/index.php\/wp-json\/wp\/v2\/users\/1"}],"replies":[{"embeddable":true,"href":"http:\/\/liceum-parczew.pl\/index.php\/wp-json\/wp\/v2\/comments?post=2086"}],"version-history":[{"count":1,"href":"http:\/\/liceum-parczew.pl\/index.php\/wp-json\/wp\/v2\/posts\/2086\/revisions"}],"predecessor-version":[{"id":2088,"href":"http:\/\/liceum-parczew.pl\/index.php\/wp-json\/wp\/v2\/posts\/2086\/revisions\/2088"}],"wp:featuredmedia":[{"embeddable":true,"href":"http:\/\/liceum-parczew.pl\/index.php\/wp-json\/wp\/v2\/media\/2087"}],"wp:attachment":[{"href":"http:\/\/liceum-parczew.pl\/index.php\/wp-json\/wp\/v2\/media?parent=2086"}],"wp:term":[{"taxonomy":"category","embeddable":true,"href":"http:\/\/liceum-parczew.pl\/index.php\/wp-json\/wp\/v2\/categories?post=2086"},{"taxonomy":"post_tag","embeddable":true,"href":"http:\/\/liceum-parczew.pl\/index.php\/wp-json\/wp\/v2\/tags?post=2086"}],"curies":[{"name":"wp","href":"https:\/\/api.w.org\/{rel}","templated":true}]}}