{"id":182,"date":"2017-10-04T17:35:25","date_gmt":"2017-10-04T15:35:25","guid":{"rendered":"http:\/\/liceum-parczew.pl\/?p=182"},"modified":"2017-10-06T12:25:29","modified_gmt":"2017-10-06T10:25:29","slug":"otrzesiny-klas-pierwszych","status":"publish","type":"post","link":"http:\/\/liceum-parczew.pl\/index.php\/2017\/10\/04\/otrzesiny-klas-pierwszych\/","title":{"rendered":"Otrz\u0119siny klas pierwszych"},"content":{"rendered":"<p>30 wrze\u015bnia by\u0142 to szczeg\u00f3lny dzie\u0144 w naszej szkole. W tym dniu bowiem Samorz\u0105d Uczniowski zorganizowa\u0142 apel z okazji Dnia Ch\u0142opaka oraz otrz\u0119siny klas pierwszych b\u0119d\u0105ce tradycj\u0105 naszej szko\u0142y. Nasi panowie, zar\u00f3wno uczniowie jak i profesorowie otrzymali serdeczne \u017cyczenia i oczywi\u015bcie troch\u0119 s\u0142odko\u015bci. Druga cz\u0119\u015b\u0107 imprezy to ju\u017c otrz\u0119siny, przy kt\u00f3rych jak co roku bawi si\u0119 ca\u0142a szko\u0142a. Nie inaczej by\u0142o tak\u017ce i tym razem. Nasi koledzy i kole\u017canki \u00a0z klas pierwszych mieli mo\u017cliwo\u015b\u0107 zmierzy\u0107 si\u0119 ze sob\u0105 w niezwykle ciekawych konkurencjach. Charakterystycznym elementem ca\u0142ej zabawy by\u0142 ubi\u00f3r kota, za kt\u00f3ry uczestnicy otrzymywali punkty. Pierwszoklasi\u015bci wyst\u0105pili mi\u0119dzy innymi w takich konkurencjach jak: \u015bpiewanie piosenek disco polo z kisielem<br \/>\nw ustach, picie mleka z talerza bez u\u017cycia r\u0105k czy te\u017c wydmuchiwanie monety z talerza pe\u0142nego m\u0105ki. W tych zmaganiach najlepsza okaza\u0142a si\u0119 klasa Id, kt\u00f3ra w \u0142\u0105cznej punktacji otrzyma\u0142a od juror\u00f3w najwi\u0119cej punkt\u00f3w. Nagrod\u0105 dla zwyci\u0119zc\u00f3w by\u0142 tydzie\u0144 wolny od pytania i kartk\u00f3wek, a tak\u017ce dofinansowanie do wycieczki.<\/p>\n<p>Dla pan\u00f3w jeszcze raz najserdeczniejsze \u017cyczenia oraz wielkie gratulacje dla klasy Id.<\/p>\n<p>Poni\u017cej sami mo\u017cecie zobaczy\u0107 jak to wygl\u0105da\u0142o \ud83d\ude09<\/p>\n<p><a href=\"http:\/\/www.youtube.com\/watch?v=TtyxA3AFhPw\">http:\/\/www.youtube.com\/watch?v=TtyxA3AFhPw<\/a><\/p>\n","protected":false},"excerpt":{"rendered":"<p>30 wrze\u015bnia by\u0142 to szczeg\u00f3lny dzie\u0144 w naszej szkole. W tym dniu bowiem Samorz\u0105d Uczniowski zorganizowa\u0142 apel z okazji Dnia<\/p>\n","protected":false},"author":3,"featured_media":0,"comment_status":"closed","ping_status":"closed","sticky":false,"template":"","format":"standard","meta":{"colormag_page_container_layout":"default_layout","colormag_page_sidebar_layout":"default_layout","footnotes":""},"categories":[3,1],"tags":[],"class_list":["post-182","post","type-post","status-publish","format-standard","hentry","category-aktualnosci","category-bez-kategorii"],"_links":{"self":[{"href":"http:\/\/liceum-parczew.pl\/index.php\/wp-json\/wp\/v2\/posts\/182","targetHints":{"allow":["GET"]}}],"collection":[{"href":"http:\/\/liceum-parczew.pl\/index.php\/wp-json\/wp\/v2\/posts"}],"about":[{"href":"http:\/\/liceum-parczew.pl\/index.php\/wp-json\/wp\/v2\/types\/post"}],"author":[{"embeddable":true,"href":"http:\/\/liceum-parczew.pl\/index.php\/wp-json\/wp\/v2\/users\/3"}],"replies":[{"embeddable":true,"href":"http:\/\/liceum-parczew.pl\/index.php\/wp-json\/wp\/v2\/comments?post=182"}],"version-history":[{"count":4,"href":"http:\/\/liceum-parczew.pl\/index.php\/wp-json\/wp\/v2\/posts\/182\/revisions"}],"predecessor-version":[{"id":189,"href":"http:\/\/liceum-parczew.pl\/index.php\/wp-json\/wp\/v2\/posts\/182\/revisions\/189"}],"wp:attachment":[{"href":"http:\/\/liceum-parczew.pl\/index.php\/wp-json\/wp\/v2\/media?parent=182"}],"wp:term":[{"taxonomy":"category","embeddable":true,"href":"http:\/\/liceum-parczew.pl\/index.php\/wp-json\/wp\/v2\/categories?post=182"},{"taxonomy":"post_tag","embeddable":true,"href":"http:\/\/liceum-parczew.pl\/index.php\/wp-json\/wp\/v2\/tags?post=182"}],"curies":[{"name":"wp","href":"https:\/\/api.w.org\/{rel}","templated":true}]}}