{"id":1770,"date":"2019-09-30T10:05:19","date_gmt":"2019-09-30T08:05:19","guid":{"rendered":"http:\/\/liceum-parczew.pl\/?p=1770"},"modified":"2019-09-30T10:05:19","modified_gmt":"2019-09-30T08:05:19","slug":"warsztaty-z-wolontariuszami-aiesec","status":"publish","type":"post","link":"http:\/\/liceum-parczew.pl\/index.php\/2019\/09\/30\/warsztaty-z-wolontariuszami-aiesec\/","title":{"rendered":"Warsztaty  z wolontariuszami AIESEC"},"content":{"rendered":"<p><strong>Ju\u017c od 30 wrze\u015bnia ( poniedzia\u0142ek) 2019r.\u00a0 dwaj wolontariusze &#8211;\u00a0 Luis z Kolumbii i Mohid z Indii poprowadz\u0105 warsztaty j\u0119zykowe. A oto jak przedstawia si\u0119 ich plan:<\/strong><\/p>\n<table>\n<tbody>\n<tr>\n<td width=\"102\"><strong>Lekcja<\/strong><\/td>\n<td width=\"102\"><strong>Poniedzia\u0142ek <\/strong><\/td>\n<td width=\"102\"><strong>Wtorek <\/strong><\/td>\n<td width=\"102\"><strong>\u015aroda <\/strong><\/td>\n<td width=\"102\"><strong>Czwartek<\/strong><\/td>\n<td width=\"102\"><strong>Pi\u0105tek <\/strong><\/td>\n<\/tr>\n<tr>\n<td width=\"102\">1.<\/td>\n<td rowspan=\"2\" width=\"102\"><strong><em>3E<\/em><\/strong><\/td>\n<td rowspan=\"2\" width=\"102\"><strong><em>2C<\/em><\/strong><\/td>\n<td rowspan=\"2\" width=\"102\"><strong><em>1D<\/em><\/strong><\/td>\n<td width=\"102\"><strong><em>\u00a0<\/em><\/strong><\/td>\n<td width=\"102\"><strong><em>\u00a0<\/em><\/strong><\/td>\n<\/tr>\n<tr>\n<td width=\"102\">2.<\/td>\n<td rowspan=\"3\" width=\"102\"><strong><em>3A<\/em><\/strong><\/p>\n<p><strong><em>( skr\u00f3cone lekcje)<\/em><\/strong><\/td>\n<td rowspan=\"2\" width=\"102\"><strong><em>1Dn<\/em><\/strong><\/td>\n<\/tr>\n<tr>\n<td width=\"102\">3.<\/td>\n<td rowspan=\"2\" width=\"102\"><strong><em>1B<\/em><\/strong><\/td>\n<td rowspan=\"2\" width=\"102\"><strong><em>2A<\/em><\/strong><\/td>\n<td rowspan=\"2\" width=\"102\"><strong><em>1An<\/em><\/strong><\/td>\n<\/tr>\n<tr>\n<td width=\"102\">4.<\/td>\n<td rowspan=\"2\" width=\"102\"><strong><em>1A<\/em><\/strong><\/td>\n<\/tr>\n<tr>\n<td width=\"102\">5.<\/td>\n<td rowspan=\"2\" width=\"102\"><strong><em>1Bn<\/em><\/strong><\/td>\n<td rowspan=\"2\" width=\"102\"><strong><em>3D<\/em><\/strong><\/td>\n<td rowspan=\"2\" width=\"102\"><strong><em>2B<\/em><\/strong><\/td>\n<td rowspan=\"2\" width=\"102\"><strong><em>Dzie\u0144 Kultur <\/em><\/strong><\/p>\n<p><strong><em>Od godz. 12.00<\/em><\/strong><\/td>\n<\/tr>\n<tr>\n<td width=\"102\">6.<\/td>\n<td width=\"102\"><strong><em>\u00a0<\/em><\/strong><\/td>\n<\/tr>\n<\/tbody>\n<\/table>\n<p>Zaj\u0119cia odbywaj\u0105 si\u0119 w sali nr 31.<\/p>\n","protected":false},"excerpt":{"rendered":"<p>Ju\u017c od 30 wrze\u015bnia ( poniedzia\u0142ek) 2019r.\u00a0 dwaj wolontariusze &#8211;\u00a0 Luis z Kolumbii i Mohid z Indii poprowadz\u0105 warsztaty j\u0119zykowe.<\/p>\n","protected":false},"author":1,"featured_media":0,"comment_status":"closed","ping_status":"closed","sticky":false,"template":"","format":"standard","meta":{"colormag_page_container_layout":"default_layout","colormag_page_sidebar_layout":"default_layout","footnotes":""},"categories":[3],"tags":[],"class_list":["post-1770","post","type-post","status-publish","format-standard","hentry","category-aktualnosci"],"_links":{"self":[{"href":"http:\/\/liceum-parczew.pl\/index.php\/wp-json\/wp\/v2\/posts\/1770","targetHints":{"allow":["GET"]}}],"collection":[{"href":"http:\/\/liceum-parczew.pl\/index.php\/wp-json\/wp\/v2\/posts"}],"about":[{"href":"http:\/\/liceum-parczew.pl\/index.php\/wp-json\/wp\/v2\/types\/post"}],"author":[{"embeddable":true,"href":"http:\/\/liceum-parczew.pl\/index.php\/wp-json\/wp\/v2\/users\/1"}],"replies":[{"embeddable":true,"href":"http:\/\/liceum-parczew.pl\/index.php\/wp-json\/wp\/v2\/comments?post=1770"}],"version-history":[{"count":2,"href":"http:\/\/liceum-parczew.pl\/index.php\/wp-json\/wp\/v2\/posts\/1770\/revisions"}],"predecessor-version":[{"id":1772,"href":"http:\/\/liceum-parczew.pl\/index.php\/wp-json\/wp\/v2\/posts\/1770\/revisions\/1772"}],"wp:attachment":[{"href":"http:\/\/liceum-parczew.pl\/index.php\/wp-json\/wp\/v2\/media?parent=1770"}],"wp:term":[{"taxonomy":"category","embeddable":true,"href":"http:\/\/liceum-parczew.pl\/index.php\/wp-json\/wp\/v2\/categories?post=1770"},{"taxonomy":"post_tag","embeddable":true,"href":"http:\/\/liceum-parczew.pl\/index.php\/wp-json\/wp\/v2\/tags?post=1770"}],"curies":[{"name":"wp","href":"https:\/\/api.w.org\/{rel}","templated":true}]}}