{"id":161,"date":"2017-09-23T20:26:14","date_gmt":"2017-09-23T18:26:14","guid":{"rendered":"http:\/\/liceum-parczew.pl\/?p=161"},"modified":"2017-09-23T20:26:14","modified_gmt":"2017-09-23T18:26:14","slug":"hieronimki-2017","status":"publish","type":"post","link":"http:\/\/liceum-parczew.pl\/index.php\/2017\/09\/23\/hieronimki-2017\/","title":{"rendered":"Hieronimki 2017"},"content":{"rendered":"<p>Hieronimki to \u015bwi\u0119to t\u0142umaczy, organizowane przez UMCS w Lublinie z okazji Mi\u0119dzynarodowego Dnia T\u0142umacza. Je\u015bli pasjonujesz si\u0119 j\u0119zykami obcymi, to nie mo\u017ce Ci\u0119 zabrakn\u0105\u0107\u00a029 wrze\u015bnia, 2017r. w Lublinie.<\/p>\n<p>Program wydarzenia &#8211;&gt; \u00a0<a href=\"http:\/\/liceum-parczew.pl\/index.php\/2017\/09\/23\/hieronimki-2017\/hieronimki-2017-program\/\" rel=\"attachment wp-att-162\">HIERONIMKI 2017 PROGRAM<\/a><\/p>\n","protected":false},"excerpt":{"rendered":"<p>Hieronimki to \u015bwi\u0119to t\u0142umaczy, organizowane przez UMCS w Lublinie z okazji Mi\u0119dzynarodowego Dnia T\u0142umacza. Je\u015bli pasjonujesz si\u0119 j\u0119zykami obcymi, to<\/p>\n","protected":false},"author":3,"featured_media":0,"comment_status":"closed","ping_status":"closed","sticky":false,"template":"","format":"standard","meta":{"colormag_page_container_layout":"default_layout","colormag_page_sidebar_layout":"default_layout","footnotes":""},"categories":[1],"tags":[],"class_list":["post-161","post","type-post","status-publish","format-standard","hentry","category-bez-kategorii"],"_links":{"self":[{"href":"http:\/\/liceum-parczew.pl\/index.php\/wp-json\/wp\/v2\/posts\/161","targetHints":{"allow":["GET"]}}],"collection":[{"href":"http:\/\/liceum-parczew.pl\/index.php\/wp-json\/wp\/v2\/posts"}],"about":[{"href":"http:\/\/liceum-parczew.pl\/index.php\/wp-json\/wp\/v2\/types\/post"}],"author":[{"embeddable":true,"href":"http:\/\/liceum-parczew.pl\/index.php\/wp-json\/wp\/v2\/users\/3"}],"replies":[{"embeddable":true,"href":"http:\/\/liceum-parczew.pl\/index.php\/wp-json\/wp\/v2\/comments?post=161"}],"version-history":[{"count":4,"href":"http:\/\/liceum-parczew.pl\/index.php\/wp-json\/wp\/v2\/posts\/161\/revisions"}],"predecessor-version":[{"id":166,"href":"http:\/\/liceum-parczew.pl\/index.php\/wp-json\/wp\/v2\/posts\/161\/revisions\/166"}],"wp:attachment":[{"href":"http:\/\/liceum-parczew.pl\/index.php\/wp-json\/wp\/v2\/media?parent=161"}],"wp:term":[{"taxonomy":"category","embeddable":true,"href":"http:\/\/liceum-parczew.pl\/index.php\/wp-json\/wp\/v2\/categories?post=161"},{"taxonomy":"post_tag","embeddable":true,"href":"http:\/\/liceum-parczew.pl\/index.php\/wp-json\/wp\/v2\/tags?post=161"}],"curies":[{"name":"wp","href":"https:\/\/api.w.org\/{rel}","templated":true}]}}