{"id":1410,"date":"2019-04-28T21:30:34","date_gmt":"2019-04-28T19:30:34","guid":{"rendered":"http:\/\/liceum-parczew.pl\/?p=1410"},"modified":"2019-04-28T21:40:31","modified_gmt":"2019-04-28T19:40:31","slug":"konkurs-wymowy-angielskiej-2","status":"publish","type":"post","link":"http:\/\/liceum-parczew.pl\/index.php\/2019\/04\/28\/konkurs-wymowy-angielskiej-2\/","title":{"rendered":"Konkurs Wymowy Angielskiej"},"content":{"rendered":"<p>Uczniowie naszej szko\u0142y\u00a0\u00a0 ju\u017c po raz drugi wzi\u0119li\u00a0 udzia\u0142 w Konkursie Wymowy Angielskiej, kt\u00f3ry\u00a0 odby\u0142 si\u0119 12 kwietnia 2019r. i by\u0142\u00a0 zorganizowany przez Zak\u0142ad Lingwistyki Stosowanej UMCS. Zadaniem uczestnik\u00f3w by\u0142o\u00a0 przygotowanie czterominutowych wyst\u0105pie\u0144 w j\u0119zyku angielskim. Nasi reprezentanci wybrali fragmenty nast\u0119puj\u0105cych utwor\u00f3w:<\/p>\n<ul>\n<li>Jakub Dobosz ( kl.3a) \u201c1984\u201d Orwell,<\/li>\n<li>Julia Robak (kl.2a) \u201cPride and Prejudice\u201d Austen,<\/li>\n<li>Katarzyna Mak\u00f3wka ( kl.1b) \u201cKiss\u201d R. Zaf\u00f3n,<\/li>\n<li>Micha\u0142 Wro\u0144ski ( kl.1b) \u201cBrave New World\u201d Huxley.<\/li>\n<\/ul>\n<p>Dodatkowo musieli\u00a0 poprawnie przeczyta\u0107 wylosowane przys\u0142owia\u00a0 oraz kr\u00f3tki nieznany im tekst.<\/p>\n<p><strong>Katarzyna Mak\u00f3wka i Jakub Dobosz otrzymali wyr\u00f3\u017cnienia w tym konkursie. <\/strong><\/p>\n<p>&nbsp;<\/p>\n<p><img loading=\"lazy\" decoding=\"async\" class=\"alignnone size-full wp-image-1414\" src=\"http:\/\/liceum-parczew.pl\/wp-content\/uploads\/2019\/04\/WP_20190412_12_05_21_Pro.jpg\" alt=\"\" width=\"800\" height=\"451\" \/><\/p>\n<p><img loading=\"lazy\" decoding=\"async\" class=\"alignnone size-full wp-image-1413\" src=\"http:\/\/liceum-parczew.pl\/wp-content\/uploads\/2019\/04\/WP_20190412_12_04_22_Pro.jpg\" alt=\"\" width=\"800\" height=\"451\" \/><\/p>\n<p>Fotorelacja przygotowana przez organizator\u00f3w:<\/p>\n<p><a href=\"https:\/\/www.umcs.pl\/pl\/al-rhetorica-2019-dla-szkol,16338.htm\">https:\/\/www.umcs.pl\/pl\/al-rhetorica-2019-dla-szkol,16338.htm<\/a><\/p>\n","protected":false},"excerpt":{"rendered":"<p>Uczniowie naszej szko\u0142y\u00a0\u00a0 ju\u017c po raz drugi wzi\u0119li\u00a0 udzia\u0142 w Konkursie Wymowy Angielskiej, kt\u00f3ry\u00a0 odby\u0142 si\u0119 12 kwietnia 2019r. i<\/p>\n","protected":false},"author":1,"featured_media":1412,"comment_status":"closed","ping_status":"closed","sticky":false,"template":"","format":"standard","meta":{"colormag_page_container_layout":"default_layout","colormag_page_sidebar_layout":"default_layout","footnotes":""},"categories":[3],"tags":[],"class_list":["post-1410","post","type-post","status-publish","format-standard","has-post-thumbnail","hentry","category-aktualnosci"],"_links":{"self":[{"href":"http:\/\/liceum-parczew.pl\/index.php\/wp-json\/wp\/v2\/posts\/1410","targetHints":{"allow":["GET"]}}],"collection":[{"href":"http:\/\/liceum-parczew.pl\/index.php\/wp-json\/wp\/v2\/posts"}],"about":[{"href":"http:\/\/liceum-parczew.pl\/index.php\/wp-json\/wp\/v2\/types\/post"}],"author":[{"embeddable":true,"href":"http:\/\/liceum-parczew.pl\/index.php\/wp-json\/wp\/v2\/users\/1"}],"replies":[{"embeddable":true,"href":"http:\/\/liceum-parczew.pl\/index.php\/wp-json\/wp\/v2\/comments?post=1410"}],"version-history":[{"count":6,"href":"http:\/\/liceum-parczew.pl\/index.php\/wp-json\/wp\/v2\/posts\/1410\/revisions"}],"predecessor-version":[{"id":1419,"href":"http:\/\/liceum-parczew.pl\/index.php\/wp-json\/wp\/v2\/posts\/1410\/revisions\/1419"}],"wp:featuredmedia":[{"embeddable":true,"href":"http:\/\/liceum-parczew.pl\/index.php\/wp-json\/wp\/v2\/media\/1412"}],"wp:attachment":[{"href":"http:\/\/liceum-parczew.pl\/index.php\/wp-json\/wp\/v2\/media?parent=1410"}],"wp:term":[{"taxonomy":"category","embeddable":true,"href":"http:\/\/liceum-parczew.pl\/index.php\/wp-json\/wp\/v2\/categories?post=1410"},{"taxonomy":"post_tag","embeddable":true,"href":"http:\/\/liceum-parczew.pl\/index.php\/wp-json\/wp\/v2\/tags?post=1410"}],"curies":[{"name":"wp","href":"https:\/\/api.w.org\/{rel}","templated":true}]}}