{"id":1407,"date":"2019-04-24T10:11:56","date_gmt":"2019-04-24T08:11:56","guid":{"rendered":"http:\/\/liceum-parczew.pl\/?p=1407"},"modified":"2019-04-26T10:16:28","modified_gmt":"2019-04-26T08:16:28","slug":"zakonczenie-roku-szkolnego-uczniow-klas-trzecich","status":"publish","type":"post","link":"http:\/\/liceum-parczew.pl\/index.php\/2019\/04\/24\/zakonczenie-roku-szkolnego-uczniow-klas-trzecich\/","title":{"rendered":"Zako\u0144czenie roku szkolnego uczni\u00f3w klas trzecich"},"content":{"rendered":"<p>Dnia 26.04.2019 r. o godzinie 14:00 odb\u0119dzie si\u0119 zako\u0144czenie roku szkolnego uczni\u00f3w klas trzecich. Uroczysto\u015b\u0107 poprzedzona b\u0119dzie Msz\u0105 \u015aw. w Bazylice o godz. 13:00<\/p>\n","protected":false},"excerpt":{"rendered":"<p>Dnia 26.04.2019 r. o godzinie 14:00 odb\u0119dzie si\u0119 zako\u0144czenie roku szkolnego uczni\u00f3w klas trzecich. Uroczysto\u015b\u0107 poprzedzona b\u0119dzie Msz\u0105 \u015aw. w<\/p>\n","protected":false},"author":1,"featured_media":0,"comment_status":"closed","ping_status":"closed","sticky":false,"template":"","format":"standard","meta":{"colormag_page_container_layout":"default_layout","colormag_page_sidebar_layout":"default_layout","footnotes":""},"categories":[3],"tags":[],"class_list":["post-1407","post","type-post","status-publish","format-standard","hentry","category-aktualnosci"],"_links":{"self":[{"href":"http:\/\/liceum-parczew.pl\/index.php\/wp-json\/wp\/v2\/posts\/1407","targetHints":{"allow":["GET"]}}],"collection":[{"href":"http:\/\/liceum-parczew.pl\/index.php\/wp-json\/wp\/v2\/posts"}],"about":[{"href":"http:\/\/liceum-parczew.pl\/index.php\/wp-json\/wp\/v2\/types\/post"}],"author":[{"embeddable":true,"href":"http:\/\/liceum-parczew.pl\/index.php\/wp-json\/wp\/v2\/users\/1"}],"replies":[{"embeddable":true,"href":"http:\/\/liceum-parczew.pl\/index.php\/wp-json\/wp\/v2\/comments?post=1407"}],"version-history":[{"count":2,"href":"http:\/\/liceum-parczew.pl\/index.php\/wp-json\/wp\/v2\/posts\/1407\/revisions"}],"predecessor-version":[{"id":1409,"href":"http:\/\/liceum-parczew.pl\/index.php\/wp-json\/wp\/v2\/posts\/1407\/revisions\/1409"}],"wp:attachment":[{"href":"http:\/\/liceum-parczew.pl\/index.php\/wp-json\/wp\/v2\/media?parent=1407"}],"wp:term":[{"taxonomy":"category","embeddable":true,"href":"http:\/\/liceum-parczew.pl\/index.php\/wp-json\/wp\/v2\/categories?post=1407"},{"taxonomy":"post_tag","embeddable":true,"href":"http:\/\/liceum-parczew.pl\/index.php\/wp-json\/wp\/v2\/tags?post=1407"}],"curies":[{"name":"wp","href":"https:\/\/api.w.org\/{rel}","templated":true}]}}