{"id":1391,"date":"2019-04-05T10:57:20","date_gmt":"2019-04-05T08:57:20","guid":{"rendered":"http:\/\/liceum-parczew.pl\/?p=1391"},"modified":"2019-04-05T10:57:20","modified_gmt":"2019-04-05T08:57:20","slug":"planowany-strajk-pracownikow-oswiaty","status":"publish","type":"post","link":"http:\/\/liceum-parczew.pl\/index.php\/2019\/04\/05\/planowany-strajk-pracownikow-oswiaty\/","title":{"rendered":"Planowany strajk pracownik\u00f3w o\u015bwiaty"},"content":{"rendered":"<p><strong>Drodzy uczniowie i szanowni rodzice uczni\u00f3w <\/strong><strong>I Liceum Og\u00f3lnokszta\u0142c\u0105cego im. Miko\u0142aja Kopernika w Parczewie<\/strong><\/p>\n<p>W zwi\u0105zku z planowanym strajkiem pracownik\u00f3w o\u015bwiaty, prawdopodobnie od poniedzia\u0142ku 8 kwietnia 2019 r. do odwo\u0142ania, mog\u0105 wyst\u0105pi\u0107 trudno\u015bci z\u00a0przeprowadzeniem zaj\u0119\u0107 lekcyjnych w naszej szkole zgodnie z\u00a0obowi\u0105zuj\u0105cym planem.<\/p>\n<p>Pomimo wyj\u0105tkowej sytuacji szko\u0142a zapewni wszystkim uczniom w\u0142a\u015bciw\u0105 opiek\u0119.<\/p>\n<p>Poniewa\u017c sytuacja jest dynamiczna, prosz\u0119 o \u015bledzenie informacji na stronie internetowej: http:\/\/liceum-parczew.pl\/, gdy\u017c protest mo\u017ce zosta\u0107 w\u00a0ka\u017cdej chwili odwo\u0142any, zar\u00f3wno przez organizator\u00f3w, jak i samych pracownik\u00f3w.<\/p>\n<p>Aktualne informacje uzyskacie r\u00f3wnie\u017c pod numerem telefonu (83) 355 15 77 w\u00a0godzinach pracy szko\u0142y.<\/p>\n<p style=\"padding-left: 420px;\">\u00a0\u00a0 Z wyrazami szacunku<br \/>\nDyrektor I LO w Parczewie<\/p>\n","protected":false},"excerpt":{"rendered":"<p>Drodzy uczniowie i szanowni rodzice uczni\u00f3w I Liceum Og\u00f3lnokszta\u0142c\u0105cego im. Miko\u0142aja Kopernika w Parczewie W zwi\u0105zku z planowanym strajkiem pracownik\u00f3w<\/p>\n","protected":false},"author":1,"featured_media":0,"comment_status":"closed","ping_status":"closed","sticky":false,"template":"","format":"gallery","meta":{"colormag_page_container_layout":"default_layout","colormag_page_sidebar_layout":"default_layout","footnotes":""},"categories":[3],"tags":[],"class_list":["post-1391","post","type-post","status-publish","format-gallery","hentry","category-aktualnosci","post_format-post-format-gallery"],"_links":{"self":[{"href":"http:\/\/liceum-parczew.pl\/index.php\/wp-json\/wp\/v2\/posts\/1391","targetHints":{"allow":["GET"]}}],"collection":[{"href":"http:\/\/liceum-parczew.pl\/index.php\/wp-json\/wp\/v2\/posts"}],"about":[{"href":"http:\/\/liceum-parczew.pl\/index.php\/wp-json\/wp\/v2\/types\/post"}],"author":[{"embeddable":true,"href":"http:\/\/liceum-parczew.pl\/index.php\/wp-json\/wp\/v2\/users\/1"}],"replies":[{"embeddable":true,"href":"http:\/\/liceum-parczew.pl\/index.php\/wp-json\/wp\/v2\/comments?post=1391"}],"version-history":[{"count":2,"href":"http:\/\/liceum-parczew.pl\/index.php\/wp-json\/wp\/v2\/posts\/1391\/revisions"}],"predecessor-version":[{"id":1393,"href":"http:\/\/liceum-parczew.pl\/index.php\/wp-json\/wp\/v2\/posts\/1391\/revisions\/1393"}],"wp:attachment":[{"href":"http:\/\/liceum-parczew.pl\/index.php\/wp-json\/wp\/v2\/media?parent=1391"}],"wp:term":[{"taxonomy":"category","embeddable":true,"href":"http:\/\/liceum-parczew.pl\/index.php\/wp-json\/wp\/v2\/categories?post=1391"},{"taxonomy":"post_tag","embeddable":true,"href":"http:\/\/liceum-parczew.pl\/index.php\/wp-json\/wp\/v2\/tags?post=1391"}],"curies":[{"name":"wp","href":"https:\/\/api.w.org\/{rel}","templated":true}]}}