{"id":1304,"date":"2019-03-15T16:21:07","date_gmt":"2019-03-15T15:21:07","guid":{"rendered":"http:\/\/liceum-parczew.pl\/?p=1304"},"modified":"2019-03-15T16:21:07","modified_gmt":"2019-03-15T15:21:07","slug":"szkolna-akademia-finansow","status":"publish","type":"post","link":"http:\/\/liceum-parczew.pl\/index.php\/2019\/03\/15\/szkolna-akademia-finansow\/","title":{"rendered":"Szkolna Akademia Finans\u00f3w"},"content":{"rendered":"<div>Serdecznie zapraszamy do zapisu na indywidualne doradztwo\u00a0 zawodowe, kt\u00f3re odb\u0119dzie si\u0119 w I Liceum Og\u00f3lnokszta\u0142c\u0105cym w Parczewie w ramach programu Szkolna Akademia Finans\u00f3w.<\/div>\n<div><\/div>\n<div>Mo\u017ce zastanawiasz si\u0119 jak\u0105 \u015bcie\u017ck\u0119 kariery wybra\u0107\u00a0lub masz\u00a0ciekawy\u00a0pomys\u0142 na biznes?<\/div>\n<div>A mo\u017ce chcesz rozszerzy\u0107\u00a0swoj\u0105 wiedz\u0119 o finansach osobistych?<\/div>\n<div>\u00a0We\u017a udzia\u0142 w indywidualnym doradztwie zawodowym,\u00a0spotkaj si\u0119 i porozmawiaj z m\u0142odym, kreatywnym i\u00a0do\u015bwiadczonym trenerem.<\/div>\n<div>Spotkania s\u0105 ca\u0142kowicie bezp\u0142atne.<\/div>\n<div><\/div>\n<div><strong><span class=\"m_-3255053536082415907colour\"><span class=\"m_-3255053536082415907font\">11.04.2019 i 12.04.2019<\/span><\/span><\/strong><\/div>\n<div>\u00a0trener b\u0119dzie obecny na terenie Twojej szko\u0142y, got\u00f3w\u00a0by odpowiedzie\u0107 na\u00a0nurtuj\u0105ce Ci\u0119\u00a0pytania, pom\u00f3c i doradzi\u0107.<\/div>\n<div>\u00a0Jak si\u0119 zapisa\u0107?<\/div>\n<div>Wystarczy, \u017ce\u00a0wejdziesz na stron\u0119:\u00a0<a href=\"https:\/\/szkolnaakademiafinansow.nakiedy.pl\" target=\"_blank\" rel=\"noopener noreferrer\" data-saferedirecturl=\"https:\/\/www.google.com\/url?q=https:\/\/szkolnaakademiafinansow.nakiedy.pl&amp;source=gmail&amp;ust=1552749487701000&amp;usg=AFQjCNHs89wQmA1t5lhxCuLu-LTMM47JCw\">https:\/\/<wbr \/>szkolnaakademiafinansow.<wbr \/>nakiedy.pl<\/a><b> <\/b><\/div>\n<div><\/div>\n<div>Pami\u0119taj wybra\u0107 grafik trenera, kt\u00f3ry b\u0119dzie dost\u0119pny w Twoim mie\u015bcie (przy nazwisku jest podana miejscowo\u015b\u0107, w kt\u00f3rej b\u0119dzie trener).\u00a0Liczba\u00a0miejsc jest ograniczona, tylko 30 uczni\u00f3w b\u0119dzie mia\u0142o okazj\u0119 skorzysta\u0107 z godzinnych indywidualnych doradztw.Nie czekaj do ostatniej chwili, zapisz si\u0119 ju\u017c dzi\u015b!<\/div>\n<div>W ramach projektu w dniach 11-12.04.2019r. odb\u0119d\u0105 si\u0119 r\u00f3wnie\u017c warsztaty, kt\u00f3re zostan\u0105\u00a0 zostan\u0105 podzielone na dwie cz\u0119\u015bci:<\/div>\n<div class=\"m_-3255053536082415907et_pb_row m_-3255053536082415907et_pb_row_11\">\n<div class=\"m_-3255053536082415907et_pb_column m_-3255053536082415907et_pb_column_1_2 m_-3255053536082415907et_pb_column_14 m_-3255053536082415907lh-inline-buttons m_-3255053536082415907et_pb_css_mix_blend_mode_passthrough\">\n<div class=\"m_-3255053536082415907et_pb_module m_-3255053536082415907et_pb_text m_-3255053536082415907et_pb_text_11 m_-3255053536082415907lh-text m_-3255053536082415907et_pb_bg_layout_light m_-3255053536082415907et_pb_text_align_left\">\n<div class=\"m_-3255053536082415907et_pb_text_inner\">\n<p><b>Cz\u0119\u015b\u0107 I<\/b><\/p>\n<ul>\n<li>Produkty finansowe,<\/li>\n<li>Oszcz\u0119dzanie,<\/li>\n<li>Kredyty, po\u017cyczki i karty kredytowe,<\/li>\n<li>Bezpieczna bankowo\u015b\u0107,<\/li>\n<li>Systematyczne oszcz\u0119dzanie,<\/li>\n<li>Bankowo\u015b\u0107 mobilna i p\u0142atno\u015bci bezgot\u00f3wkowe,<\/li>\n<li>Firmy po\u017cyczkowe i inne zagro\u017cenia rynku finansowego.<\/li>\n<\/ul>\n<div><b>Cz\u0119\u015b\u0107 II<\/b><\/div>\n<\/div>\n<\/div>\n<\/div>\n<\/div>\n<ul>\n<li>W\u0142asna dzia\u0142alno\u015b\u0107 gospodarcza<\/li>\n<li>Sposoby pisania CV oraz list\u00f3w motywacyjnych<\/li>\n<li>Rozmowa rekrutacyjna.<\/li>\n<\/ul>\n<p class=\"m_-3255053536082415907gwp2cb807e9_MsoNormal\" align=\"center\"><span class=\"m_-3255053536082415907colour\"><span class=\"m_-3255053536082415907font\">Projekt jest organizowany przez Fundacj\u0119 Polska Przedsi\u0119biorcza we wsp\u00f3\u0142pracy z Narodowym Bankiem Polskim w ramach programu edukacji ekonomicznej.<\/span><\/span><\/p>\n","protected":false},"excerpt":{"rendered":"<p>Serdecznie zapraszamy do zapisu na indywidualne doradztwo\u00a0 zawodowe, kt\u00f3re odb\u0119dzie si\u0119 w I Liceum Og\u00f3lnokszta\u0142c\u0105cym w Parczewie w ramach programu<\/p>\n","protected":false},"author":1,"featured_media":0,"comment_status":"closed","ping_status":"closed","sticky":false,"template":"","format":"standard","meta":{"colormag_page_container_layout":"default_layout","colormag_page_sidebar_layout":"default_layout","footnotes":""},"categories":[3],"tags":[],"class_list":["post-1304","post","type-post","status-publish","format-standard","hentry","category-aktualnosci"],"_links":{"self":[{"href":"http:\/\/liceum-parczew.pl\/index.php\/wp-json\/wp\/v2\/posts\/1304","targetHints":{"allow":["GET"]}}],"collection":[{"href":"http:\/\/liceum-parczew.pl\/index.php\/wp-json\/wp\/v2\/posts"}],"about":[{"href":"http:\/\/liceum-parczew.pl\/index.php\/wp-json\/wp\/v2\/types\/post"}],"author":[{"embeddable":true,"href":"http:\/\/liceum-parczew.pl\/index.php\/wp-json\/wp\/v2\/users\/1"}],"replies":[{"embeddable":true,"href":"http:\/\/liceum-parczew.pl\/index.php\/wp-json\/wp\/v2\/comments?post=1304"}],"version-history":[{"count":2,"href":"http:\/\/liceum-parczew.pl\/index.php\/wp-json\/wp\/v2\/posts\/1304\/revisions"}],"predecessor-version":[{"id":1306,"href":"http:\/\/liceum-parczew.pl\/index.php\/wp-json\/wp\/v2\/posts\/1304\/revisions\/1306"}],"wp:attachment":[{"href":"http:\/\/liceum-parczew.pl\/index.php\/wp-json\/wp\/v2\/media?parent=1304"}],"wp:term":[{"taxonomy":"category","embeddable":true,"href":"http:\/\/liceum-parczew.pl\/index.php\/wp-json\/wp\/v2\/categories?post=1304"},{"taxonomy":"post_tag","embeddable":true,"href":"http:\/\/liceum-parczew.pl\/index.php\/wp-json\/wp\/v2\/tags?post=1304"}],"curies":[{"name":"wp","href":"https:\/\/api.w.org\/{rel}","templated":true}]}}