{"id":1295,"date":"2019-03-13T08:45:28","date_gmt":"2019-03-13T07:45:28","guid":{"rendered":"http:\/\/liceum-parczew.pl\/?p=1295"},"modified":"2019-03-13T08:45:28","modified_gmt":"2019-03-13T07:45:28","slug":"spotkanie-literackie-2","status":"publish","type":"post","link":"http:\/\/liceum-parczew.pl\/index.php\/2019\/03\/13\/spotkanie-literackie-2\/","title":{"rendered":"Spotkanie literackie"},"content":{"rendered":"<p>W najbli\u017cszy pi\u0105tek tj. 15 marca 2019 r. w naszej szkole b\u0119dzie mia\u0142o miejsce wa\u017cne i presti\u017cowe wydarzenie. Nauczyciele poloni\u015bci wraz z klasami humanistycznymi s\u0105 organizatorami Konferencji literackiej po\u015bwi\u0119conej pisarzowi nieco ju\u017c zapomnianemu &#8211; J\u00f3zefowi Weyssenhoffowi, kt\u00f3ry, co ciekawe, urodzi\u0142 si\u0119 w Kolanie ko\u0142o Parczewa. Tego dnia odwiedz\u0105 nas przedstawiciele innych szk\u00f3\u0142 \u015brednich oraz studenci polonistyki Katolickiego Uniwersytetu Lubelskiego z zaprzyja\u017anionym prof. Lechem Giemz\u0105.<\/p>\n","protected":false},"excerpt":{"rendered":"<p>W najbli\u017cszy pi\u0105tek tj. 15 marca 2019 r. w naszej szkole b\u0119dzie mia\u0142o miejsce wa\u017cne i presti\u017cowe wydarzenie. Nauczyciele poloni\u015bci<\/p>\n","protected":false},"author":1,"featured_media":1296,"comment_status":"closed","ping_status":"closed","sticky":false,"template":"","format":"standard","meta":{"colormag_page_container_layout":"default_layout","colormag_page_sidebar_layout":"default_layout","footnotes":""},"categories":[3],"tags":[],"class_list":["post-1295","post","type-post","status-publish","format-standard","has-post-thumbnail","hentry","category-aktualnosci"],"_links":{"self":[{"href":"http:\/\/liceum-parczew.pl\/index.php\/wp-json\/wp\/v2\/posts\/1295","targetHints":{"allow":["GET"]}}],"collection":[{"href":"http:\/\/liceum-parczew.pl\/index.php\/wp-json\/wp\/v2\/posts"}],"about":[{"href":"http:\/\/liceum-parczew.pl\/index.php\/wp-json\/wp\/v2\/types\/post"}],"author":[{"embeddable":true,"href":"http:\/\/liceum-parczew.pl\/index.php\/wp-json\/wp\/v2\/users\/1"}],"replies":[{"embeddable":true,"href":"http:\/\/liceum-parczew.pl\/index.php\/wp-json\/wp\/v2\/comments?post=1295"}],"version-history":[{"count":2,"href":"http:\/\/liceum-parczew.pl\/index.php\/wp-json\/wp\/v2\/posts\/1295\/revisions"}],"predecessor-version":[{"id":1298,"href":"http:\/\/liceum-parczew.pl\/index.php\/wp-json\/wp\/v2\/posts\/1295\/revisions\/1298"}],"wp:featuredmedia":[{"embeddable":true,"href":"http:\/\/liceum-parczew.pl\/index.php\/wp-json\/wp\/v2\/media\/1296"}],"wp:attachment":[{"href":"http:\/\/liceum-parczew.pl\/index.php\/wp-json\/wp\/v2\/media?parent=1295"}],"wp:term":[{"taxonomy":"category","embeddable":true,"href":"http:\/\/liceum-parczew.pl\/index.php\/wp-json\/wp\/v2\/categories?post=1295"},{"taxonomy":"post_tag","embeddable":true,"href":"http:\/\/liceum-parczew.pl\/index.php\/wp-json\/wp\/v2\/tags?post=1295"}],"curies":[{"name":"wp","href":"https:\/\/api.w.org\/{rel}","templated":true}]}}