{"id":1228,"date":"2019-02-20T21:00:16","date_gmt":"2019-02-20T20:00:16","guid":{"rendered":"http:\/\/liceum-parczew.pl\/?p=1228"},"modified":"2019-02-20T21:00:16","modified_gmt":"2019-02-20T20:00:16","slug":"konkurs-wiedzy-o-malcie","status":"publish","type":"post","link":"http:\/\/liceum-parczew.pl\/index.php\/2019\/02\/20\/konkurs-wiedzy-o-malcie\/","title":{"rendered":"Konkurs Wiedzy o Malcie"},"content":{"rendered":"<p>Serdecznie zapraszamy\u00a0 wszystkich uczni\u00f3w naszej szko\u0142y,\u00a0 gimnazjalist\u00f3w oraz uczni\u00f3w klas \u00f3smych ze szk\u00f3\u0142 podstawowych z ca\u0142ego powiatu parczewskiego \u00a0do wzi\u0119cia udzia\u0142u w Konkursie Wiedzy o Malcie, organizowanym przez nauczycieli j\u0119zyka angielskiego I Liceum Og\u00f3lnokszta\u0142c\u0105cego im. M. Kopernika w Parczewie.<\/p>\n<p>Konkurs odb\u0119dzie si\u0119 w dw\u00f3ch etapach:<\/p>\n<p><strong>6 marca 2019r.<\/strong> oraz <strong>25 marca 2019r.<\/strong><\/p>\n<p>Podczas pierwszego etapu uczniowie\u00a0 b\u0119d\u0105 rozwi\u0105zywali test\u00a0 wyboru o Malcie w oparciu o za\u0142\u0105czone na naszej stronce internetowej pytania. W drugim etapie gimnazjali\u015bci i \u00f3smoklasi\u015bci rozwi\u0105\u017c\u0105 test leksykalno-gramatyczny, natomiast liceali\u015bci wyg\u0142osz\u0105 prezentacje na wybrane tematy zwi\u0105zane z\u00a0 Malt\u0105.<\/p>\n<p>Wszyscy zainteresowani proszeni s\u0105 o zg\u0142aszanie si\u0119 do swoich nauczycieli j\u0119zyka angielskiego.<\/p>\n<p><strong>TEMATY PREZENTACJI\u00a0 LICEUM:<\/strong><\/p>\n<ol>\n<li>\u015aladami obiekt\u00f3w \u015bwiatowego dziedzictwa na Malcie (UNESCO Sites)<\/li>\n<li>Tajemnice Zakonu Malta\u0144skiego<\/li>\n<li>Zakon Malta\u0144ski w przesz\u0142o\u015bci i dzi\u015b<\/li>\n<li>Barok na Malcie<\/li>\n<li>Smaki, d\u017awi\u0119ki i kolory Malty<\/li>\n<li>M\u00f3j prywatny przewodnik po stolicy Malty<\/li>\n<li>Malta w filmach<\/li>\n<\/ol>\n<p><a href=\"http:\/\/liceum-parczew.pl\/wp-content\/uploads\/2019\/02\/Malta-regulamin-2019.pdf\">Malta &#8211; regulamin 2019<\/a><\/p>\n<p><a href=\"http:\/\/liceum-parczew.pl\/wp-content\/uploads\/2019\/02\/MALTA-SAMPLE-QUESTIONS-2019.pdf\">MALTA SAMPLE QUESTIONS 2019<\/a><\/p>\n<p><a href=\"http:\/\/liceum-parczew.pl\/wp-content\/uploads\/2019\/02\/za\u0142.1-karta-zg\u0142oszenia-na-konkurs-MALTA-2019.pdf\">za\u0142.1 karta zg\u0142oszenia na konkurs MALTA 2019<\/a><\/p>\n","protected":false},"excerpt":{"rendered":"<p>Serdecznie zapraszamy\u00a0 wszystkich uczni\u00f3w naszej szko\u0142y,\u00a0 gimnazjalist\u00f3w oraz uczni\u00f3w klas \u00f3smych ze szk\u00f3\u0142 podstawowych z ca\u0142ego powiatu parczewskiego \u00a0do wzi\u0119cia<\/p>\n","protected":false},"author":1,"featured_media":1229,"comment_status":"closed","ping_status":"closed","sticky":false,"template":"","format":"standard","meta":{"colormag_page_container_layout":"default_layout","colormag_page_sidebar_layout":"default_layout","footnotes":""},"categories":[3],"tags":[],"class_list":["post-1228","post","type-post","status-publish","format-standard","has-post-thumbnail","hentry","category-aktualnosci"],"_links":{"self":[{"href":"http:\/\/liceum-parczew.pl\/index.php\/wp-json\/wp\/v2\/posts\/1228","targetHints":{"allow":["GET"]}}],"collection":[{"href":"http:\/\/liceum-parczew.pl\/index.php\/wp-json\/wp\/v2\/posts"}],"about":[{"href":"http:\/\/liceum-parczew.pl\/index.php\/wp-json\/wp\/v2\/types\/post"}],"author":[{"embeddable":true,"href":"http:\/\/liceum-parczew.pl\/index.php\/wp-json\/wp\/v2\/users\/1"}],"replies":[{"embeddable":true,"href":"http:\/\/liceum-parczew.pl\/index.php\/wp-json\/wp\/v2\/comments?post=1228"}],"version-history":[{"count":1,"href":"http:\/\/liceum-parczew.pl\/index.php\/wp-json\/wp\/v2\/posts\/1228\/revisions"}],"predecessor-version":[{"id":1233,"href":"http:\/\/liceum-parczew.pl\/index.php\/wp-json\/wp\/v2\/posts\/1228\/revisions\/1233"}],"wp:featuredmedia":[{"embeddable":true,"href":"http:\/\/liceum-parczew.pl\/index.php\/wp-json\/wp\/v2\/media\/1229"}],"wp:attachment":[{"href":"http:\/\/liceum-parczew.pl\/index.php\/wp-json\/wp\/v2\/media?parent=1228"}],"wp:term":[{"taxonomy":"category","embeddable":true,"href":"http:\/\/liceum-parczew.pl\/index.php\/wp-json\/wp\/v2\/categories?post=1228"},{"taxonomy":"post_tag","embeddable":true,"href":"http:\/\/liceum-parczew.pl\/index.php\/wp-json\/wp\/v2\/tags?post=1228"}],"curies":[{"name":"wp","href":"https:\/\/api.w.org\/{rel}","templated":true}]}}