{"id":1101,"date":"2018-12-07T10:47:42","date_gmt":"2018-12-07T09:47:42","guid":{"rendered":"http:\/\/liceum-parczew.pl\/?p=1101"},"modified":"2018-12-07T10:47:42","modified_gmt":"2018-12-07T09:47:42","slug":"spotkanie-z-himalaistami","status":"publish","type":"post","link":"http:\/\/liceum-parczew.pl\/index.php\/2018\/12\/07\/spotkanie-z-himalaistami\/","title":{"rendered":"Spotkanie z himalaistami"},"content":{"rendered":"<p align=\"justify\"><span style=\"font-size: medium;\"><b> <\/b><span style=\"font-family: Times New Roman, serif;\">19 listopada 2018 r. grupa uczni\u00f3w z naszej szko\u0142y uczestniczy\u0142a w spotkaniu<br \/>\nz himalaistami \u2013 Rafa\u0142em Froni\u0105 i Piotrem Tomal\u0105 \u2013 cz\u0142onkami zimowej wyprawy na K2. Ca\u0142o\u015b\u0107 odby\u0142a si\u0119 w Centrum Transferu Wiedzy Katolickiego Uniwersytetu Lubelskiego w ramach tzw. KUL-owskich Spotka\u0144 Literackich. Spotkanie <\/span><span style=\"color: #000000;\"><span style=\"font-family: Times New Roman, serif;\"> zatytu\u0142owano &#8222;Anatomia g\u00f3ry. Osiem tysi\u0119cy metr\u00f3w ponad marzeniami&#8221;. <\/span><\/span><\/span><\/p>\n<p align=\"justify\"><span style=\"color: #000000;\"><span style=\"font-family: Times New Roman, serif;\"><span style=\"font-size: medium;\">Himalai\u015bci opowiadali o do\u015bwiadczeniach zwi\u0105zanych z ostatni\u0105 zimow\u0105 wypraw\u0105 na K2 oraz wspominali akcj\u0119 ratunkow\u0105 na Nanga Parbat. Odpowiadali tak\u017ce na interesuj\u0105ce pytania s\u0142uchaczy. Spotkanie by\u0142o niezwykle inspiruj\u0105ce, poprowadzone w ciekawy i dynamiczny spos\u00f3b z du\u017c\u0105 dawk\u0105 humoru. <\/span><\/span><\/span><\/p>\n<p align=\"justify\"><span style=\"color: #000000;\"><span style=\"font-family: Times New Roman, serif;\"><span style=\"font-size: medium;\">Dyrekcja I LO im. M. Kopernika, obecni nauczyciele i uczniowie sk\u0142adaj\u0105 szczeg\u00f3lne podzi\u0119kowania ks. dr Grzegorzowi G\u0142\u0105bowi, dzi\u0119ki kt\u00f3remu mogli\u015bmy uczestniczy\u0107 w tym niezapomnianym i pe\u0142nym emocji przedsi\u0119wzi\u0119ciu.<\/span><\/span><\/span><\/p>\n<p align=\"justify\"><span style=\"color: #000000;\"><span style=\"font-family: Times New Roman, serif;\"><span style=\"font-size: medium;\">Poni\u017cej przybli\u017camy nieco sylwetki wybitnych himalaist\u00f3w:<\/span><\/span><\/span><\/p>\n<p align=\"justify\"><span style=\"font-family: Times New Roman, serif;\"><span style=\"font-size: medium;\"><b><span style=\"color: #000000;\">Rafa\u0142 Fronia<\/span><\/b><span style=\"color: #000000;\">\u00a0\u2013 uczestnik wielu wypraw w g\u00f3ry \u201enajwy\u017csze\u201d, w tym zimowej wyprawy Polskiego Zwi\u0105zku Alpinizmu \u2013 Polski Himalaizm Zimowy na Broad Peak 2010\/2011, oraz innych, mi\u0119dzy innymi na: Nanga Parbat, Dhaulagiri, Pik Lenina i Baruntse. Wszed\u0142 na Gasherbruma II; wzi\u0105\u0142 udzia\u0142 w Zimowej Narodowej Wyprawie na K2 2017\/2018. Autor ksi\u0105\u017cki\u00a0<\/span><em><span style=\"color: #000000;\">Anatomia g\u00f3ry. Osiem tysi\u0119cy metr\u00f3w ponad marzeniami<\/span><\/em><span style=\"color: #000000;\">.<\/span><\/span><\/span><\/p>\n<p align=\"justify\"><span style=\"font-family: Times New Roman, serif;\"><span style=\"font-size: medium;\"><b><span style=\"color: #000000;\">Piotr Tomala<\/span><\/b><span style=\"color: #000000;\">\u00a0\u2013 alpinista i himalaista, kierownik programu \u201ePolski Himalaizm Zimowy 2016-2020 im. Artura Hajzera\u201d; szef Klubu Wysokog\u00f3rskiego Lublin; cz\u0142onek kadry narodowej Polskiego Zwi\u0105zku Alpinizmu; organizator i lider kilkunastu wypraw w Alpy, Andy, g\u00f3ry Alaski i Himalaje.\u00a0Wszed\u0142 na Mt. McKinley, Aconcangu\u0119, Huascaran, Pisco, Alpamayo, Ama Dablam, Island Peak, Cho Oyu, Broad Peak.\u00a0Wspina\u0142 si\u0119 na Nanga Parbat i Manaslu; bra\u0142 udzia\u0142 w Zimowej Narodowej Wyprawie na K2 2017\/2018.<\/span><\/span><\/span><\/p>\n<p align=\"justify\"><img loading=\"lazy\" decoding=\"async\" class=\"size-full wp-image-1103 aligncenter\" src=\"http:\/\/liceum-parczew.pl\/wp-content\/uploads\/2018\/12\/2.jpg\" alt=\"\" width=\"765\" height=\"510\" \/><\/p>\n","protected":false},"excerpt":{"rendered":"<p>19 listopada 2018 r. grupa uczni\u00f3w z naszej szko\u0142y uczestniczy\u0142a w spotkaniu z himalaistami \u2013 Rafa\u0142em Froni\u0105 i Piotrem Tomal\u0105<\/p>\n","protected":false},"author":1,"featured_media":1102,"comment_status":"closed","ping_status":"closed","sticky":false,"template":"","format":"standard","meta":{"colormag_page_container_layout":"default_layout","colormag_page_sidebar_layout":"default_layout","footnotes":""},"categories":[3],"tags":[],"class_list":["post-1101","post","type-post","status-publish","format-standard","has-post-thumbnail","hentry","category-aktualnosci"],"_links":{"self":[{"href":"http:\/\/liceum-parczew.pl\/index.php\/wp-json\/wp\/v2\/posts\/1101","targetHints":{"allow":["GET"]}}],"collection":[{"href":"http:\/\/liceum-parczew.pl\/index.php\/wp-json\/wp\/v2\/posts"}],"about":[{"href":"http:\/\/liceum-parczew.pl\/index.php\/wp-json\/wp\/v2\/types\/post"}],"author":[{"embeddable":true,"href":"http:\/\/liceum-parczew.pl\/index.php\/wp-json\/wp\/v2\/users\/1"}],"replies":[{"embeddable":true,"href":"http:\/\/liceum-parczew.pl\/index.php\/wp-json\/wp\/v2\/comments?post=1101"}],"version-history":[{"count":2,"href":"http:\/\/liceum-parczew.pl\/index.php\/wp-json\/wp\/v2\/posts\/1101\/revisions"}],"predecessor-version":[{"id":1105,"href":"http:\/\/liceum-parczew.pl\/index.php\/wp-json\/wp\/v2\/posts\/1101\/revisions\/1105"}],"wp:featuredmedia":[{"embeddable":true,"href":"http:\/\/liceum-parczew.pl\/index.php\/wp-json\/wp\/v2\/media\/1102"}],"wp:attachment":[{"href":"http:\/\/liceum-parczew.pl\/index.php\/wp-json\/wp\/v2\/media?parent=1101"}],"wp:term":[{"taxonomy":"category","embeddable":true,"href":"http:\/\/liceum-parczew.pl\/index.php\/wp-json\/wp\/v2\/categories?post=1101"},{"taxonomy":"post_tag","embeddable":true,"href":"http:\/\/liceum-parczew.pl\/index.php\/wp-json\/wp\/v2\/tags?post=1101"}],"curies":[{"name":"wp","href":"https:\/\/api.w.org\/{rel}","templated":true}]}}